{"id":840,"date":"2024-05-13T17:00:32","date_gmt":"2024-05-13T22:00:32","guid":{"rendered":"https:\/\/arqia.com.ec\/?p=840"},"modified":"2024-05-13T17:00:33","modified_gmt":"2024-05-13T22:00:33","slug":"la-elegancia-del-espacio-un-reflejo-de-la-belleza-de-la-mente","status":"publish","type":"post","link":"https:\/\/arqia.com.ec\/?p=840","title":{"rendered":"La Elegancia del Espacio: Un Reflejo de la Belleza de la Mente"},"content":{"rendered":"\n<p>La manera en que dise\u00f1amos y decoramos nuestros espacios no solo dice mucho sobre nuestros gustos personales, sino tambi\u00e9n sobre la riqueza y belleza de nuestra mente. La elegancia en un espacio es una manifestaci\u00f3n de la creatividad, el pensamiento ordenado y la sensibilidad est\u00e9tica que reside en nosotros. En este art\u00edculo, exploramos c\u00f3mo la elegancia de nuestros espacios es un espejo de la belleza interior.<\/p>\n\n\n\n<h2 class=\"wp-block-heading\">Creatividad Liberada<\/h2>\n\n\n\n<p>La creaci\u00f3n de un espacio elegante requiere una mente creativa capaz de visualizar un concepto cohesivo desde el vac\u00edo. Esta creatividad se refleja en la selecci\u00f3n de colores, la disposici\u00f3n de los muebles y la elecci\u00f3n de los accesorios. Cada detalle es una decisi\u00f3n tomada que muestra la capacidad de imaginar y reinventar el espacio que nos rodea.<\/p>\n\n\n\n<h2 class=\"wp-block-heading\">Orden y Claridad<\/h2>\n\n\n\n<p>Un espacio elegante es usualmente un espacio ordenado. La capacidad para organizar y simplificar el entorno no es solo una necesidad f\u00edsica, sino una indicaci\u00f3n de una mente que valora la claridad y la funcionalidad. Esta habilidad para destilar belleza en formas simples y claras es un reflejo de un pensamiento organizado y met\u00f3dico.<\/p>\n\n\n\n<h2 class=\"wp-block-heading\">Sensibilidad Est\u00e9tica<\/h2>\n\n\n\n<p>La elegancia en un espacio tambi\u00e9n demuestra una alta sensibilidad est\u00e9tica, la habilidad de percibir y apreciar la belleza en sus formas m\u00e1s sutiles. Es un talento para balancear elementos contrastantes de manera que se complementen y realcen mutuamente, creando un ambiente que es tanto estimulante como tranquilizador.<\/p>\n\n\n\n<h2 class=\"wp-block-heading\">Un Espacio para el Bienestar<\/h2>\n\n\n\n<p>M\u00e1s all\u00e1 de la apariencia, un espacio elegante tiene un impacto directo en nuestro bienestar. Los entornos que son visualmente atractivos y bien organizados pueden mejorar el estado de \u00e1nimo, reducir el estr\u00e9s y fomentar un sentimiento de paz. Esto es especialmente importante en un mundo donde nuestro entorno puede tener un efecto profundo en nuestra salud mental y emocional.<\/p>\n\n\n\n<figure class=\"wp-block-image size-large\"><img fetchpriority=\"high\" decoding=\"async\" width=\"1024\" height=\"576\" src=\"https:\/\/arqia.com.ec\/wp-content\/uploads\/2024\/04\/Image1-1-1024x576.png\" alt=\"\" class=\"wp-image-537\" srcset=\"https:\/\/arqia.com.ec\/wp-content\/uploads\/2024\/04\/Image1-1-1024x576.png 1024w, https:\/\/arqia.com.ec\/wp-content\/uploads\/2024\/04\/Image1-1-300x169.png 300w, https:\/\/arqia.com.ec\/wp-content\/uploads\/2024\/04\/Image1-1-768x432.png 768w, https:\/\/arqia.com.ec\/wp-content\/uploads\/2024\/04\/Image1-1-1536x864.png 1536w, https:\/\/arqia.com.ec\/wp-content\/uploads\/2024\/04\/Image1-1.png 1920w\" sizes=\"(max-width: 1024px) 100vw, 1024px\" \/><\/figure>\n\n\n\n<p>La elegancia de un espacio es mucho m\u00e1s que un estilo o una tendencia decorativa; es una extensi\u00f3n de la mente que lo crea. Revela no solo c\u00f3mo vemos el mundo, sino c\u00f3mo interactuamos con \u00e9l, combinando funcionalidad con belleza, y orden con creatividad. Al dise\u00f1ar nuestros espacios, estamos, en esencia, poniendo en pr\u00e1ctica la belleza de nuestra mente.<\/p>\n","protected":false},"excerpt":{"rendered":"<p>La manera en que dise\u00f1amos y decoramos nuestros espacios no solo dice mucho sobre nuestros gustos personales, sino tambi\u00e9n sobre la riqueza y belleza de nuestra mente. La elegancia en un espacio es una manifestaci\u00f3n de la creatividad, el pensamiento ordenado y la sensibilidad est\u00e9tica que reside en nosotros. En este art\u00edculo, exploramos c\u00f3mo la [&hellip;]<\/p>\n","protected":false},"author":1,"featured_media":531,"comment_status":"open","ping_status":"open","sticky":false,"template":"","format":"standard","meta":{"footnotes":""},"categories":[1],"tags":[],"class_list":["post-840","post","type-post","status-publish","format-standard","has-post-thumbnail","hentry","category-blog"],"_links":{"self":[{"href":"https:\/\/arqia.com.ec\/index.php?rest_route=\/wp\/v2\/posts\/840","targetHints":{"allow":["GET"]}}],"collection":[{"href":"https:\/\/arqia.com.ec\/index.php?rest_route=\/wp\/v2\/posts"}],"about":[{"href":"https:\/\/arqia.com.ec\/index.php?rest_route=\/wp\/v2\/types\/post"}],"author":[{"embeddable":true,"href":"https:\/\/arqia.com.ec\/index.php?rest_route=\/wp\/v2\/users\/1"}],"replies":[{"embeddable":true,"href":"https:\/\/arqia.com.ec\/index.php?rest_route=%2Fwp%2Fv2%2Fcomments&post=840"}],"version-history":[{"count":1,"href":"https:\/\/arqia.com.ec\/index.php?rest_route=\/wp\/v2\/posts\/840\/revisions"}],"predecessor-version":[{"id":841,"href":"https:\/\/arqia.com.ec\/index.php?rest_route=\/wp\/v2\/posts\/840\/revisions\/841"}],"wp:featuredmedia":[{"embeddable":true,"href":"https:\/\/arqia.com.ec\/index.php?rest_route=\/wp\/v2\/media\/531"}],"wp:attachment":[{"href":"https:\/\/arqia.com.ec\/index.php?rest_route=%2Fwp%2Fv2%2Fmedia&parent=840"}],"wp:term":[{"taxonomy":"category","embeddable":true,"href":"https:\/\/arqia.com.ec\/index.php?rest_route=%2Fwp%2Fv2%2Fcategories&post=840"},{"taxonomy":"post_tag","embeddable":true,"href":"https:\/\/arqia.com.ec\/index.php?rest_route=%2Fwp%2Fv2%2Ftags&post=840"}],"curies":[{"name":"wp","href":"https:\/\/api.w.org\/{rel}","templated":true}]}}